{"id":14745,"date":"2026-07-13T16:26:54","date_gmt":"2026-07-13T19:26:54","guid":{"rendered":"https:\/\/grupoep.com.br\/artigos\/agua-embotellada\/"},"modified":"2026-08-06T10:21:16","modified_gmt":"2026-08-06T13:21:16","slug":"agua-embotellada","status":"publish","type":"post","link":"https:\/\/grupoep.com.br\/es\/artigos\/agua-embotellada\/","title":{"rendered":"La situaci\u00f3n actual del agua embotellada en Brasil: un peligro oculto en las botellas"},"content":{"rendered":"\t\t<div data-elementor-type=\"wp-post\" data-elementor-id=\"14745\" class=\"elementor elementor-14745 elementor-13399\" wpc-filter-elementor-widget=\"1\" data-elementor-post-type=\"post\">\n\t\t\t\t<div class=\"elementor-element elementor-element-2f33b37 e-flex e-con-boxed e-con e-parent\" data-id=\"2f33b37\" data-element_type=\"container\" data-e-type=\"container\">\n\t\t\t\t\t<div class=\"e-con-inner\">\n\t\t\t\t<div class=\"elementor-element elementor-element-4b35587 elementor-widget elementor-widget-text-editor\" data-id=\"4b35587\" data-element_type=\"widget\" data-e-type=\"widget\" data-widget_type=\"text-editor.default\">\n\t\t\t\t\t\t\t\t\t<p><span style=\"font-weight: 400;\">\u00daltimamente, el consumo de agua embotellada (agua mineral natural, agua natural y agua con sales a\u00f1adidas) ha crecido bastante entre las familias brasile\u00f1as porque se considera un producto intr\u00ednsecamente seguro y puro, por la desconfianza en la calidad del agua de la red p\u00fablica, a la b\u00fasqueda de un estilo de vida m\u00e1s saludable al sustituir las bebidas azucaradas y a la comodidad de usar garrafas de 20 litros tanto en casa como en la oficina.  <\/span><\/p><p><span style=\"font-weight: 400;\">Por otro lado, la vulnerabilidad microbiol\u00f3gica de las fuentes y del proceso de embotellado hace que aumente la presencia de microorganismos en las aguas minerales embotelladas, sobre todo de la bacteria <\/span><i><span style=\"font-weight: 400;\">Pseudomonas aeruginosa<\/span><\/i><span style=\"font-weight: 400;\">. El n\u00famero de empresas embotelladoras est\u00e1 creciendo al mismo ritmo para satisfacer la demanda del mercado de agua mineral. Al mismo tiempo, las fuentes de agua se est\u00e1n degradando para cubrir las necesidades del mercado, los riesgos para la salud p\u00fablica aumentan y se intensifican los controles sobre esta bacteria oportunista presente en el agua mineral. <\/span><\/p>\t\t\t\t\t\t\t\t<\/div>\n\t\t\t\t<div class=\"elementor-element elementor-element-5dedc67 elementor-widget elementor-widget-menu-anchor\" data-id=\"5dedc67\" data-element_type=\"widget\" data-e-type=\"widget\" data-widget_type=\"menu-anchor.default\">\n\t\t\t\t\t\t\t<div class=\"elementor-menu-anchor\" id=\"pseudomonas\"><\/div>\n\t\t\t\t\t\t<\/div>\n\t\t\t\t<div class=\"elementor-element elementor-element-644a8d0 elementor-widget elementor-widget-text-editor\" data-id=\"644a8d0\" data-element_type=\"widget\" data-e-type=\"widget\" data-widget_type=\"text-editor.default\">\n\t\t\t\t\t\t\t\t\t<h3><b>\u00bfQu\u00e9 es <\/b><b><i>Pseudomonas aeruginosa<\/i><\/b><b>?<\/b><\/h3><p><span style=\"font-weight: 400;\">El microorganismo <\/span><i><span style=\"font-weight: 400;\">Pseudomonas aeruginosa<\/span><\/i><span style=\"font-weight: 400;\">  Es una bacteria gramnegativa que puede estar en cualquier parte y se considera un pat\u00f3geno oportunista. El riesgo de que este pat\u00f3geno provoque infecciones graves en la poblaci\u00f3n general al ingerirlo por v\u00eda oral es bajo, ya que la barrera g\u00e1strica y un sistema inmunitario sano suelen neutralizar peque\u00f1as cargas bacterianas. Pero la presencia de    <\/span><i><span style=\"font-weight: 400;\">P. aeruginosa  <\/span><\/i><span style=\"font-weight: 400;\">Puede provocar molestias gastrointestinales leves. Por otro lado, el peligro real lo corren las personas que pertenecen a los grupos de riesgo: personas mayores, reci\u00e9n nacidos, personas que han recibido un trasplante, pacientes con c\u00e1ncer o con enfermedades cr\u00f3nicas. La ingesta de    <\/span><i><span style=\"font-weight: 400;\">P. aeruginosa<\/span><\/i><span style=\"font-weight: 400;\">  En personas inmunodeprimidas, puede derivar en infecciones sist\u00e9micas graves, como bacteriemia y sepsis, e infecciones oportunistas en los tejidos blandos si se usa el agua para la higiene. Adem\u00e1s, otro factor que complica las cosas para la poblaci\u00f3n en general es la resistencia natural y adquirida a m\u00faltiples antibi\u00f3ticos, lo que dificulta el tratamiento cl\u00ednico en caso de que se produzca una infecci\u00f3n. <\/span><\/p>\t\t\t\t\t\t\t\t<\/div>\n\t\t\t\t<div class=\"elementor-element elementor-element-fad1455 elementor-widget elementor-widget-image\" data-id=\"fad1455\" data-element_type=\"widget\" data-e-type=\"widget\" data-widget_type=\"image.default\">\n\t\t\t\t\t\t\t\t\t\t\t\t\t\t\t<img fetchpriority=\"high\" decoding=\"async\" width=\"300\" height=\"225\" src=\"https:\/\/grupoep.com.br\/wp-content\/uploads\/2026\/07\/Pseudomonas_aeruginosa_Gram-300x225.jpg\" class=\"attachment-medium size-medium wp-image-14749\" alt=\"\" srcset=\"https:\/\/grupoep.com.br\/wp-content\/uploads\/2026\/07\/Pseudomonas_aeruginosa_Gram-300x225.jpg 300w, https:\/\/grupoep.com.br\/wp-content\/uploads\/2026\/07\/Pseudomonas_aeruginosa_Gram.jpg 500w\" sizes=\"(max-width: 300px) 100vw, 300px\" \/>\t\t\t\t\t\t\t\t\t\t\t\t\t\t\t<\/div>\n\t\t\t\t<div class=\"elementor-element elementor-element-4f8f98b elementor-widget elementor-widget-text-editor\" data-id=\"4f8f98b\" data-element_type=\"widget\" data-e-type=\"widget\" data-widget_type=\"text-editor.default\">\n\t\t\t\t\t\t\t\t\t<h3><b>Las empresas envasadoras y los recursos h\u00eddricos de Brasil<\/b><b> <\/b><\/h3><p><span style=\"font-weight: 400;\">En Brasil, el n\u00famero de empresas embotelladoras va en aumento porque el proceso de embotellado de agua mineral es menos complejo en comparaci\u00f3n con otros procesos de elaboraci\u00f3n de alimentos y de producci\u00f3n y embotellado de bebidas. Otra raz\u00f3n es el alto margen de beneficio local, ya que, como el agua es un recurso regional, las peque\u00f1as y medianas empresas embotelladoras pueden aprovechar las fuentes de agua locales y competir con fuerza al eliminar los costes log\u00edsticos del transporte interestatal. Otro factor que contribuye es la abundancia de recursos h\u00eddricos en Brasil, ya que contamos con grandes reservas subterr\u00e1neas, como el acu\u00edfero Guaran\u00ed o el acu\u00edfero de la Serra Geral, entre otros, lo que facilita la explotaci\u00f3n de nuevas fuentes de agua mineral.  <\/span><\/p>\t\t\t\t\t\t\t\t<\/div>\n\t\t\t\t<div class=\"elementor-element elementor-element-8626656 elementor-widget elementor-widget-image\" data-id=\"8626656\" data-element_type=\"widget\" data-e-type=\"widget\" data-widget_type=\"image.default\">\n\t\t\t\t\t\t\t\t\t\t\t\t<figure class=\"wp-caption\">\n\t\t\t\t\t\t\t\t\t\t<img decoding=\"async\" width=\"768\" height=\"576\" src=\"https:\/\/grupoep.com.br\/wp-content\/uploads\/2026\/07\/envasadora-768x576.jpg\" class=\"attachment-medium_large size-medium_large wp-image-14748\" alt=\"\" srcset=\"https:\/\/grupoep.com.br\/wp-content\/uploads\/2026\/07\/envasadora-768x576.jpg 768w, https:\/\/grupoep.com.br\/wp-content\/uploads\/2026\/07\/envasadora-300x225.jpg 300w, https:\/\/grupoep.com.br\/wp-content\/uploads\/2026\/07\/envasadora-1024x768.jpg 1024w, https:\/\/grupoep.com.br\/wp-content\/uploads\/2026\/07\/envasadora-600x450.jpg 600w, https:\/\/grupoep.com.br\/wp-content\/uploads\/2026\/07\/envasadora.jpg 1448w\" sizes=\"(max-width: 768px) 100vw, 768px\" \/>\t\t\t\t\t\t\t\t\t\t\t<figcaption class=\"widget-image-caption wp-caption-text\"><\/figcaption>\n\t\t\t\t\t\t\t\t\t\t<\/figure>\n\t\t\t\t\t\t\t\t\t<\/div>\n\t\t\t\t<div class=\"elementor-element elementor-element-4bcd8c9 elementor-widget elementor-widget-text-editor\" data-id=\"4bcd8c9\" data-element_type=\"widget\" data-e-type=\"widget\" data-widget_type=\"text-editor.default\">\n\t\t\t\t\t\t\t\t\t<p><span style=\"font-weight: 400;\">La expansi\u00f3n de las ciudades hacia las zonas de recarga de los acu\u00edferos aumenta el riesgo de que se filtren contaminantes, como las aguas residuales dom\u00e9sticas e industriales y la basura. Adem\u00e1s, el uso intensivo de fertilizantes y pesticidas en las cercan\u00edas provoca la lixiviaci\u00f3n de nutrientes cerca de las fuentes de agua, lo que facilita la propagaci\u00f3n de estas bacterias oportunistas. Otro factor que contribuye son los largos periodos de sequ\u00eda severa que reducen el volumen de los acu\u00edferos, concentrando los contaminantes, mientras que las lluvias torrenciales pueden provocar crecidas que se filtran r\u00e1pidamente en el suelo sin el filtrado natural adecuado, lo que genera contaminaci\u00f3n microbiol\u00f3gica directa. Fallas estructurales en los pozos de extracci\u00f3n debido al desgaste o a la falta de mantenimiento en el sellado sanitario de las tuber\u00edas y los cabezales, lo que permite la entrada de aguas superficiales contaminadas.   <\/span><\/p>\t\t\t\t\t\t\t\t<\/div>\n\t\t\t\t<div class=\"elementor-element elementor-element-3a4e52f elementor-widget elementor-widget-text-editor\" data-id=\"3a4e52f\" data-element_type=\"widget\" data-e-type=\"widget\" data-widget_type=\"text-editor.default\">\n\t\t\t\t\t\t\t\t\t<p><span style=\"font-weight: 400;\">Las inspecciones y el control se han intensificado en Brasil debido a los casos que han tenido gran repercusi\u00f3n en los medios de comunicaci\u00f3n sobre lotes retirados del mercado por contaminaci\u00f3n microbiol\u00f3gica, lo que ha obligado a las autoridades de Vigilancia Sanitaria a intensificar las inspecciones y los controles de rutina. Adem\u00e1s, los programas estatales y nacionales de seguimiento est\u00e1n cada vez mejor estructurados y se llevan a cabo con mayor frecuencia. Otro factor que influye es la presi\u00f3n de los consumidores y la facilidad que ofrecen los canales digitales para presentar denuncias directamente a los organismos reguladores.  <\/span><\/p>\t\t\t\t\t\t\t\t<\/div>\n\t\t\t\t<div class=\"elementor-element elementor-element-a86d01f elementor-widget elementor-widget-image\" data-id=\"a86d01f\" data-element_type=\"widget\" data-e-type=\"widget\" data-widget_type=\"image.default\">\n\t\t\t\t\t\t\t\t\t\t\t\t\t\t\t<img decoding=\"async\" width=\"768\" height=\"512\" src=\"https:\/\/grupoep.com.br\/wp-content\/uploads\/2026\/07\/ecotox-lab-768x512.png\" class=\"attachment-medium_large size-medium_large wp-image-14747\" alt=\"\" srcset=\"https:\/\/grupoep.com.br\/wp-content\/uploads\/2026\/07\/ecotox-lab-768x512.png 768w, https:\/\/grupoep.com.br\/wp-content\/uploads\/2026\/07\/ecotox-lab-300x200.png 300w, https:\/\/grupoep.com.br\/wp-content\/uploads\/2026\/07\/ecotox-lab-1024x683.png 1024w, https:\/\/grupoep.com.br\/wp-content\/uploads\/2026\/07\/ecotox-lab-600x400.png 600w, https:\/\/grupoep.com.br\/wp-content\/uploads\/2026\/07\/ecotox-lab.png 1536w\" sizes=\"(max-width: 768px) 100vw, 768px\" \/>\t\t\t\t\t\t\t\t\t\t\t\t\t\t\t<\/div>\n\t\t\t\t<div class=\"elementor-element elementor-element-77c1a2c elementor-widget elementor-widget-text-editor\" data-id=\"77c1a2c\" data-element_type=\"widget\" data-e-type=\"widget\" data-widget_type=\"text-editor.default\">\n\t\t\t\t\t\t\t\t\t<h3><b>Normas de la ANVISA y est\u00e1ndares microbiol\u00f3gicos<\/b><\/h3><p><span style=\"font-weight: 400;\">La RDC n.\u00ba 724\/202 y la IN n.\u00ba 161\/2022 de la ANVISA establecen los par\u00e1metros microbiol\u00f3gicos generales para el control de las aguas embotelladas y las normas generales para la toma de decisiones y la interpretaci\u00f3n de los resultados. La presencia de la bacteria   <\/span><i><span style=\"font-weight: 400;\">Pseudomonas aeruginosa<\/span><\/i><span style=\"font-weight: 400;\">  En el agua embotellada, la tolerancia es cero. De las cinco submuestras analizadas, ninguna puede contener ni una sola unidad formadora de colonias (UFC) de esta bacteria. Por eso, hay que limpiar a fondo la maquinaria de embotellado y los envases para evitar que se forme    <\/span><i><span style=\"font-weight: 400;\">biopel\u00edculas<\/span><\/i><span style=\"font-weight: 400;\">  altamente resistentes a este pat\u00f3geno oportunista. Adem\u00e1s, se realizan <a href=\"https:\/\/grupoep.com.br\/nuestros-laboratorios\/?lang=es\">an\u00e1lisis microbiol\u00f3gicos peri\u00f3dicos en el laboratorio<\/a> para detectar y cuantificar   <\/span><i><span style=\"font-weight: 400;\">Pseudomonas aeruginosa<\/span><\/i><span style=\"font-weight: 400;\"> mediante la t\u00e9cnica de membrana filtrante deben realizarse tanto en la fuente (agua sin tratar) como en el producto final (botellas y garrafas).<\/span><\/p><p><span style=\"font-weight: 400;\"> <\/span><\/p><h2><a href=\"https:\/\/grupoep.com.br\/servicios\/analisis-medioambientales\/?lang=es\"><b>EP Anal\u00edtica: Laboratorio de referencia en an\u00e1lisis<\/b><\/a><\/h2><p><span style=\"font-weight: bolder;\"><a style=\"color: #0d6081;\" href=\"https:\/\/grupoep.com.br\/servicios\/analisis-medioambientales\/?lang=es\">Nuestro laboratorio est\u00e1 acreditado seg\u00fan la norma ABNT NBR ISO\/IEC 17025<\/a><\/span>, lo que garantiza que todos los procesos y an\u00e1lisis se realicen con rigor t\u00e9cnico y fiabilidad contrastada. Contamos con profesionales altamente cualificados y formados, adem\u00e1s de m\u00e9todos y equipos de \u00faltima generaci\u00f3n, lo que nos permite obtener resultados consistentes y precisos. Con esta acreditaci\u00f3n, garantizamos el cumplimiento de la legislaci\u00f3n vigente sobre la calidad del agua para hemodi\u00e1lisis, lo que te da la tranquilidad de que est\u00e1s recibiendo servicios de excelencia y total seguridad para el tratamiento de tus pacientes.  <\/p><p>Adem\u00e1s de los an\u00e1lisis de agua embotellada con LQ 1,1 NMP\/250 ml, nuestro laboratorio analiza diversas matrices con m\u00e9todos reconocidos (SMWW y EPA) y un alto nivel de rigor t\u00e9cnico. Principales servicios: <\/p><ul><li>An\u00e1lisis bacteriol\u00f3gicos<\/li><li>An\u00e1lisis f\u00edsico-qu\u00edmicos<\/li><li>Seguimiento de las aguas subterr\u00e1neas y superficiales<\/li><li>Evaluaci\u00f3n de efluentes industriales y sanitarios<\/li><li>Determinaci\u00f3n de cianuro, sulfuro, metales pesados y compuestos org\u00e1nicos<\/li><li>Control de la conductividad del agua<\/li><\/ul><div> <\/div><p><strong>Art\u00edculo de <\/strong><strong>Karen Fernanda de Oliveira<\/strong><\/p>\t\t\t\t\t\t\t\t<\/div>\n\t\t\t\t<div class=\"elementor-element elementor-element-ecf8f93 elementor-widget elementor-widget-text-editor\" data-id=\"ecf8f93\" data-element_type=\"widget\" data-e-type=\"widget\" data-widget_type=\"text-editor.default\">\n\t\t\t\t\t\t\t\t\t<h4><b>Referencias<\/b><\/h4><ul><li style=\"font-weight: 400;\" aria-level=\"1\"><span style=\"font-weight: 400;\">Resoluci\u00f3n de la ANM n.\u00ba 193\/2024; C\u00f3digo de Aguas Minerales \u2013 Decreto-ley n.\u00ba 7.841\/1945.<\/span><\/li><li style=\"font-weight: 400;\" aria-level=\"1\"><span style=\"font-weight: 400;\">D<\/span><span style=\"font-weight: 400;\">OQ-CGCRE-044 Rev. 04 \u2013 INMETRO; directrices t\u00e9cnicas de la Red LAMIN\/SGB. <\/span> <\/li><li style=\"font-weight: 400;\" aria-level=\"1\"><span style=\"font-weight: 400;\">RDC n.\u00ba 717, de 1 de julio de 2022. Establece los requisitos sanitarios para la explotaci\u00f3n de agua mineral natural y agua natural.   <\/span><\/li><li style=\"font-weight: 400;\" aria-level=\"1\"><span style=\"font-weight: 400;\">RDC n.\u00ba 724, del 1 de julio de 2022. Regula los criterios microbiol\u00f3gicos de los alimentos y su aplicaci\u00f3n. <\/span><\/li><li style=\"font-weight: 400;\" aria-level=\"1\"><span style=\"font-weight: 400;\">Instrucci\u00f3n Normativa n.\u00ba 161, de 1 de julio de 2022. Establece los l\u00edmites microbiol\u00f3gicos para los alimentos.   <\/span><\/li><li style=\"font-weight: 400;\" aria-level=\"1\"><span style=\"font-weight: 400;\">Fernandes, A. C. G., Silva, B. F., Oliveira, C. R., <\/span><i><span style=\"font-weight: 400;\">y otros<\/span><\/i><span style=\"font-weight: 400;\">. <\/span> <i><span style=\"font-weight: 400;\">Estudio bacteriol\u00f3gico mediante la detecci\u00f3n de Pseudomonas aeruginosa en el agua potable. Investigaci\u00f3n, Sociedad y Desarrollo, <\/span><\/i><span style=\"font-weight: 400;\">  v. 12, n. 4., 2023.<\/span><\/li><li style=\"font-weight: 400;\" aria-level=\"1\"><span style=\"font-weight: 400;\">Souza, A. P., <\/span><i><span style=\"font-weight: 400;\">y otros<\/span><\/i><span style=\"font-weight: 400;\">. Supervivencia y desarrollo de  <\/span><i><span style=\"font-weight: 400;\">Pseudomonas aeruginosa<\/span><\/i><span style=\"font-weight: 400;\">  en agua mineral contaminada de forma experimental. Instituto Adolfo Lutz. S\u00e3o Paulo, 2019.  <\/span><\/li><li style=\"font-weight: 400;\" aria-level=\"1\"><span style=\"font-weight: 400;\">Pedrosa, A. P., <\/span><i><span style=\"font-weight: 400;\">y otros<\/span><\/i><span style=\"font-weight: 400;\">. Investigaci\u00f3n sobre los factores de virulencia en  <\/span><i><span style=\"font-weight: 400;\">Pseudomonas aeruginosa<\/span><\/i><span style=\"font-weight: 400;\">  aisladas de aguas minerales naturales. Rev. Ambient. \u00c1gua, vol. 9, n.\u00ba   2, 2014.<\/span><\/li><\/ul>\t\t\t\t\t\t\t\t<\/div>\n\t\t\t\t\t<\/div>\n\t\t\t\t<\/div>\n\t\t\t\t<\/div>\n\t\t","protected":false},"excerpt":{"rendered":"<p>\u00daltimamente, el consumo de agua embotellada (agua mineral natural, agua natural y agua con sales a\u00f1adidas) ha crecido bastante entre las familias brasile\u00f1as porque se considera un producto intr\u00ednsecamente seguro y puro, por la desconfianza en la calidad del agua de la red p\u00fablica, a la b\u00fasqueda de un estilo de vida m\u00e1s saludable al [&hellip;]<\/p>\n","protected":false},"author":3,"featured_media":14748,"comment_status":"closed","ping_status":"closed","sticky":false,"template":"","format":"standard","meta":{"_acf_changed":false,"footnotes":""},"categories":[481],"tags":[566,568,573,571],"class_list":["post-14745","post","type-post","status-publish","format-standard","has-post-thumbnail","hentry","category-pt-br","tag-agua-embotellada","tag-agua-mineral","tag-empresas-de-envasado","tag-pseudomonas-aeruginosa"],"acf":[],"yoast_head":"<!-- This site is optimized with the Yoast SEO Premium plugin v28.2 (Yoast SEO v28.3) - https:\/\/yoast.com\/product\/yoast-seo-premium-wordpress\/ -->\n<title>La situaci\u00f3n actual del agua embotellada en Brasil: un peligro oculto en las botellas - Grupo EP<\/title>\n<meta name=\"description\" content=\"El consumo de agua embotellada est\u00e1 aumentando bastante entre las familias brasile\u00f1as porque se considera que es un producto intr\u00ednsecamente seguro y puro.\" \/>\n<meta name=\"robots\" content=\"index, follow, max-snippet:-1, max-image-preview:large, max-video-preview:-1\" \/>\n<link rel=\"canonical\" href=\"https:\/\/grupoep.com.br\/es\/artigos\/agua-embotellada\/\" \/>\n<meta property=\"og:locale\" content=\"es_ES\" \/>\n<meta property=\"og:type\" content=\"article\" \/>\n<meta property=\"og:title\" content=\"La situaci\u00f3n actual del agua embotellada en Brasil: un peligro oculto en las botellas\" \/>\n<meta property=\"og:description\" content=\"El consumo de agua embotellada est\u00e1 aumentando bastante entre las familias brasile\u00f1as porque se considera que es un producto intr\u00ednsecamente seguro y puro.\" \/>\n<meta property=\"og:url\" content=\"https:\/\/grupoep.com.br\/es\/artigos\/agua-embotellada\/\" \/>\n<meta property=\"og:site_name\" content=\"Grupo EP\" \/>\n<meta property=\"article:publisher\" content=\"https:\/\/www.facebook.com\/epengenharia\" \/>\n<meta property=\"article:published_time\" content=\"2026-07-13T19:26:54+00:00\" \/>\n<meta property=\"article:modified_time\" content=\"2026-08-06T13:21:16+00:00\" \/>\n<meta property=\"og:image\" content=\"https:\/\/grupoep.com.br\/wp-content\/uploads\/2026\/07\/envasadora.jpg\" \/>\n\t<meta property=\"og:image:width\" content=\"1448\" \/>\n\t<meta property=\"og:image:height\" content=\"1086\" \/>\n\t<meta property=\"og:image:type\" content=\"image\/jpeg\" \/>\n<meta name=\"author\" content=\"antonio.medeiros\" \/>\n<meta name=\"twitter:card\" content=\"summary_large_image\" \/>\n<meta name=\"twitter:label1\" content=\"Escrito por\" \/>\n\t<meta name=\"twitter:data1\" content=\"antonio.medeiros\" \/>\n\t<meta name=\"twitter:label2\" content=\"Tiempo de lectura\" \/>\n\t<meta name=\"twitter:data2\" content=\"6 minutos\" \/>\n<script type=\"application\/ld+json\" class=\"yoast-schema-graph\">{\"@context\":\"https:\\\/\\\/schema.org\",\"@graph\":[{\"@type\":\"Article\",\"@id\":\"https:\\\/\\\/grupoep.com.br\\\/es\\\/artigos\\\/agua-embotellada\\\/#article\",\"isPartOf\":{\"@id\":\"https:\\\/\\\/grupoep.com.br\\\/es\\\/artigos\\\/agua-embotellada\\\/\"},\"author\":{\"name\":\"antonio.medeiros\",\"@id\":\"https:\\\/\\\/grupoep.com.br\\\/es\\\/#\\\/schema\\\/person\\\/6ee5ebfd419704406338ca92e0622291\"},\"headline\":\"La situaci\u00f3n actual del agua embotellada en Brasil: un peligro oculto en las botellas\",\"datePublished\":\"2026-07-13T19:26:54+00:00\",\"dateModified\":\"2026-08-06T13:21:16+00:00\",\"mainEntityOfPage\":{\"@id\":\"https:\\\/\\\/grupoep.com.br\\\/es\\\/artigos\\\/agua-embotellada\\\/\"},\"wordCount\":1297,\"publisher\":{\"@id\":\"https:\\\/\\\/grupoep.com.br\\\/es\\\/#organization\"},\"image\":{\"@id\":\"https:\\\/\\\/grupoep.com.br\\\/es\\\/artigos\\\/agua-embotellada\\\/#primaryimage\"},\"thumbnailUrl\":\"https:\\\/\\\/grupoep.com.br\\\/wp-content\\\/uploads\\\/2026\\\/07\\\/envasadora.jpg\",\"keywords\":[\"agua embotellada\",\"agua mineral\",\"empresas de envasado\",\"Pseudomonas aeruginosa\"],\"articleSection\":[\"PT-BR\"],\"inLanguage\":\"es\"},{\"@type\":\"WebPage\",\"@id\":\"https:\\\/\\\/grupoep.com.br\\\/es\\\/artigos\\\/agua-embotellada\\\/\",\"url\":\"https:\\\/\\\/grupoep.com.br\\\/es\\\/artigos\\\/agua-embotellada\\\/\",\"name\":\"La situaci\u00f3n actual del agua embotellada en Brasil: un peligro oculto en las botellas - Grupo EP\",\"isPartOf\":{\"@id\":\"https:\\\/\\\/grupoep.com.br\\\/es\\\/#website\"},\"primaryImageOfPage\":{\"@id\":\"https:\\\/\\\/grupoep.com.br\\\/es\\\/artigos\\\/agua-embotellada\\\/#primaryimage\"},\"image\":{\"@id\":\"https:\\\/\\\/grupoep.com.br\\\/es\\\/artigos\\\/agua-embotellada\\\/#primaryimage\"},\"thumbnailUrl\":\"https:\\\/\\\/grupoep.com.br\\\/wp-content\\\/uploads\\\/2026\\\/07\\\/envasadora.jpg\",\"datePublished\":\"2026-07-13T19:26:54+00:00\",\"dateModified\":\"2026-08-06T13:21:16+00:00\",\"description\":\"El consumo de agua embotellada est\u00e1 aumentando bastante entre las familias brasile\u00f1as porque se considera que es un producto intr\u00ednsecamente seguro y puro.\",\"breadcrumb\":{\"@id\":\"https:\\\/\\\/grupoep.com.br\\\/es\\\/artigos\\\/agua-embotellada\\\/#breadcrumb\"},\"inLanguage\":\"es\",\"potentialAction\":[{\"@type\":\"ReadAction\",\"target\":[\"https:\\\/\\\/grupoep.com.br\\\/es\\\/artigos\\\/agua-embotellada\\\/\"]}]},{\"@type\":\"ImageObject\",\"inLanguage\":\"es\",\"@id\":\"https:\\\/\\\/grupoep.com.br\\\/es\\\/artigos\\\/agua-embotellada\\\/#primaryimage\",\"url\":\"https:\\\/\\\/grupoep.com.br\\\/wp-content\\\/uploads\\\/2026\\\/07\\\/envasadora.jpg\",\"contentUrl\":\"https:\\\/\\\/grupoep.com.br\\\/wp-content\\\/uploads\\\/2026\\\/07\\\/envasadora.jpg\",\"width\":1448,\"height\":1086},{\"@type\":\"BreadcrumbList\",\"@id\":\"https:\\\/\\\/grupoep.com.br\\\/es\\\/artigos\\\/agua-embotellada\\\/#breadcrumb\",\"itemListElement\":[{\"@type\":\"ListItem\",\"position\":1,\"name\":\"In\u00edcio\",\"item\":\"https:\\\/\\\/grupoep.com.br\\\/es\\\/\"},{\"@type\":\"ListItem\",\"position\":2,\"name\":\"La situaci\u00f3n actual del agua embotellada en Brasil: un peligro oculto en las botellas\"}]},{\"@type\":\"WebSite\",\"@id\":\"https:\\\/\\\/grupoep.com.br\\\/es\\\/#website\",\"url\":\"https:\\\/\\\/grupoep.com.br\\\/es\\\/\",\"name\":\"Grupo EP\",\"description\":\"\",\"publisher\":{\"@id\":\"https:\\\/\\\/grupoep.com.br\\\/es\\\/#organization\"},\"potentialAction\":[{\"@type\":\"SearchAction\",\"target\":{\"@type\":\"EntryPoint\",\"urlTemplate\":\"https:\\\/\\\/grupoep.com.br\\\/es\\\/?s={search_term_string}\"},\"query-input\":{\"@type\":\"PropertyValueSpecification\",\"valueRequired\":true,\"valueName\":\"search_term_string\"}}],\"inLanguage\":\"es\"},{\"@type\":\"Organization\",\"@id\":\"https:\\\/\\\/grupoep.com.br\\\/es\\\/#organization\",\"name\":\"Grupo EP\",\"url\":\"https:\\\/\\\/grupoep.com.br\\\/es\\\/\",\"logo\":{\"@type\":\"ImageObject\",\"inLanguage\":\"es\",\"@id\":\"https:\\\/\\\/grupoep.com.br\\\/es\\\/#\\\/schema\\\/logo\\\/image\\\/\",\"url\":\"https:\\\/\\\/grupoep.com.br\\\/wp-content\\\/uploads\\\/2024\\\/04\\\/logo.png\",\"contentUrl\":\"https:\\\/\\\/grupoep.com.br\\\/wp-content\\\/uploads\\\/2024\\\/04\\\/logo.png\",\"width\":98,\"height\":136,\"caption\":\"Grupo EP\"},\"image\":{\"@id\":\"https:\\\/\\\/grupoep.com.br\\\/es\\\/#\\\/schema\\\/logo\\\/image\\\/\"},\"sameAs\":[\"https:\\\/\\\/www.facebook.com\\\/epengenharia\"]},{\"@type\":\"Person\",\"@id\":\"https:\\\/\\\/grupoep.com.br\\\/es\\\/#\\\/schema\\\/person\\\/6ee5ebfd419704406338ca92e0622291\",\"name\":\"antonio.medeiros\",\"image\":{\"@type\":\"ImageObject\",\"inLanguage\":\"es\",\"@id\":\"https:\\\/\\\/secure.gravatar.com\\\/avatar\\\/bdeaec3a2da7bb2585d39320018c27b53cbde3361414074d7c54151899dc21d1?s=96&d=mm&r=g\",\"url\":\"https:\\\/\\\/secure.gravatar.com\\\/avatar\\\/bdeaec3a2da7bb2585d39320018c27b53cbde3361414074d7c54151899dc21d1?s=96&d=mm&r=g\",\"contentUrl\":\"https:\\\/\\\/secure.gravatar.com\\\/avatar\\\/bdeaec3a2da7bb2585d39320018c27b53cbde3361414074d7c54151899dc21d1?s=96&d=mm&r=g\",\"caption\":\"antonio.medeiros\"},\"url\":\"https:\\\/\\\/grupoep.com.br\\\/es\\\/artigos\\\/author\\\/antonio-medeiros\\\/\"}]}<\/script>\n<!-- \/ Yoast SEO Premium plugin. -->","yoast_head_json":{"title":"La situaci\u00f3n actual del agua embotellada en Brasil: un peligro oculto en las botellas - Grupo EP","description":"El consumo de agua embotellada est\u00e1 aumentando bastante entre las familias brasile\u00f1as porque se considera que es un producto intr\u00ednsecamente seguro y puro.","robots":{"index":"index","follow":"follow","max-snippet":"max-snippet:-1","max-image-preview":"max-image-preview:large","max-video-preview":"max-video-preview:-1"},"canonical":"https:\/\/grupoep.com.br\/es\/artigos\/agua-embotellada\/","og_locale":"es_ES","og_type":"article","og_title":"La situaci\u00f3n actual del agua embotellada en Brasil: un peligro oculto en las botellas","og_description":"El consumo de agua embotellada est\u00e1 aumentando bastante entre las familias brasile\u00f1as porque se considera que es un producto intr\u00ednsecamente seguro y puro.","og_url":"https:\/\/grupoep.com.br\/es\/artigos\/agua-embotellada\/","og_site_name":"Grupo EP","article_publisher":"https:\/\/www.facebook.com\/epengenharia","article_published_time":"2026-07-13T19:26:54+00:00","article_modified_time":"2026-08-06T13:21:16+00:00","og_image":[{"width":1448,"height":1086,"url":"https:\/\/grupoep.com.br\/wp-content\/uploads\/2026\/07\/envasadora.jpg","type":"image\/jpeg"}],"author":"antonio.medeiros","twitter_card":"summary_large_image","twitter_misc":{"Escrito por":"antonio.medeiros","Tiempo de lectura":"6 minutos"},"schema":{"@context":"https:\/\/schema.org","@graph":[{"@type":"Article","@id":"https:\/\/grupoep.com.br\/es\/artigos\/agua-embotellada\/#article","isPartOf":{"@id":"https:\/\/grupoep.com.br\/es\/artigos\/agua-embotellada\/"},"author":{"name":"antonio.medeiros","@id":"https:\/\/grupoep.com.br\/es\/#\/schema\/person\/6ee5ebfd419704406338ca92e0622291"},"headline":"La situaci\u00f3n actual del agua embotellada en Brasil: un peligro oculto en las botellas","datePublished":"2026-07-13T19:26:54+00:00","dateModified":"2026-08-06T13:21:16+00:00","mainEntityOfPage":{"@id":"https:\/\/grupoep.com.br\/es\/artigos\/agua-embotellada\/"},"wordCount":1297,"publisher":{"@id":"https:\/\/grupoep.com.br\/es\/#organization"},"image":{"@id":"https:\/\/grupoep.com.br\/es\/artigos\/agua-embotellada\/#primaryimage"},"thumbnailUrl":"https:\/\/grupoep.com.br\/wp-content\/uploads\/2026\/07\/envasadora.jpg","keywords":["agua embotellada","agua mineral","empresas de envasado","Pseudomonas aeruginosa"],"articleSection":["PT-BR"],"inLanguage":"es"},{"@type":"WebPage","@id":"https:\/\/grupoep.com.br\/es\/artigos\/agua-embotellada\/","url":"https:\/\/grupoep.com.br\/es\/artigos\/agua-embotellada\/","name":"La situaci\u00f3n actual del agua embotellada en Brasil: un peligro oculto en las botellas - Grupo EP","isPartOf":{"@id":"https:\/\/grupoep.com.br\/es\/#website"},"primaryImageOfPage":{"@id":"https:\/\/grupoep.com.br\/es\/artigos\/agua-embotellada\/#primaryimage"},"image":{"@id":"https:\/\/grupoep.com.br\/es\/artigos\/agua-embotellada\/#primaryimage"},"thumbnailUrl":"https:\/\/grupoep.com.br\/wp-content\/uploads\/2026\/07\/envasadora.jpg","datePublished":"2026-07-13T19:26:54+00:00","dateModified":"2026-08-06T13:21:16+00:00","description":"El consumo de agua embotellada est\u00e1 aumentando bastante entre las familias brasile\u00f1as porque se considera que es un producto intr\u00ednsecamente seguro y puro.","breadcrumb":{"@id":"https:\/\/grupoep.com.br\/es\/artigos\/agua-embotellada\/#breadcrumb"},"inLanguage":"es","potentialAction":[{"@type":"ReadAction","target":["https:\/\/grupoep.com.br\/es\/artigos\/agua-embotellada\/"]}]},{"@type":"ImageObject","inLanguage":"es","@id":"https:\/\/grupoep.com.br\/es\/artigos\/agua-embotellada\/#primaryimage","url":"https:\/\/grupoep.com.br\/wp-content\/uploads\/2026\/07\/envasadora.jpg","contentUrl":"https:\/\/grupoep.com.br\/wp-content\/uploads\/2026\/07\/envasadora.jpg","width":1448,"height":1086},{"@type":"BreadcrumbList","@id":"https:\/\/grupoep.com.br\/es\/artigos\/agua-embotellada\/#breadcrumb","itemListElement":[{"@type":"ListItem","position":1,"name":"In\u00edcio","item":"https:\/\/grupoep.com.br\/es\/"},{"@type":"ListItem","position":2,"name":"La situaci\u00f3n actual del agua embotellada en Brasil: un peligro oculto en las botellas"}]},{"@type":"WebSite","@id":"https:\/\/grupoep.com.br\/es\/#website","url":"https:\/\/grupoep.com.br\/es\/","name":"Grupo EP","description":"","publisher":{"@id":"https:\/\/grupoep.com.br\/es\/#organization"},"potentialAction":[{"@type":"SearchAction","target":{"@type":"EntryPoint","urlTemplate":"https:\/\/grupoep.com.br\/es\/?s={search_term_string}"},"query-input":{"@type":"PropertyValueSpecification","valueRequired":true,"valueName":"search_term_string"}}],"inLanguage":"es"},{"@type":"Organization","@id":"https:\/\/grupoep.com.br\/es\/#organization","name":"Grupo EP","url":"https:\/\/grupoep.com.br\/es\/","logo":{"@type":"ImageObject","inLanguage":"es","@id":"https:\/\/grupoep.com.br\/es\/#\/schema\/logo\/image\/","url":"https:\/\/grupoep.com.br\/wp-content\/uploads\/2024\/04\/logo.png","contentUrl":"https:\/\/grupoep.com.br\/wp-content\/uploads\/2024\/04\/logo.png","width":98,"height":136,"caption":"Grupo EP"},"image":{"@id":"https:\/\/grupoep.com.br\/es\/#\/schema\/logo\/image\/"},"sameAs":["https:\/\/www.facebook.com\/epengenharia"]},{"@type":"Person","@id":"https:\/\/grupoep.com.br\/es\/#\/schema\/person\/6ee5ebfd419704406338ca92e0622291","name":"antonio.medeiros","image":{"@type":"ImageObject","inLanguage":"es","@id":"https:\/\/secure.gravatar.com\/avatar\/bdeaec3a2da7bb2585d39320018c27b53cbde3361414074d7c54151899dc21d1?s=96&d=mm&r=g","url":"https:\/\/secure.gravatar.com\/avatar\/bdeaec3a2da7bb2585d39320018c27b53cbde3361414074d7c54151899dc21d1?s=96&d=mm&r=g","contentUrl":"https:\/\/secure.gravatar.com\/avatar\/bdeaec3a2da7bb2585d39320018c27b53cbde3361414074d7c54151899dc21d1?s=96&d=mm&r=g","caption":"antonio.medeiros"},"url":"https:\/\/grupoep.com.br\/es\/artigos\/author\/antonio-medeiros\/"}]}},"_links":{"self":[{"href":"https:\/\/grupoep.com.br\/es\/wp-json\/wp\/v2\/posts\/14745","targetHints":{"allow":["GET"]}}],"collection":[{"href":"https:\/\/grupoep.com.br\/es\/wp-json\/wp\/v2\/posts"}],"about":[{"href":"https:\/\/grupoep.com.br\/es\/wp-json\/wp\/v2\/types\/post"}],"author":[{"embeddable":true,"href":"https:\/\/grupoep.com.br\/es\/wp-json\/wp\/v2\/users\/3"}],"replies":[{"embeddable":true,"href":"https:\/\/grupoep.com.br\/es\/wp-json\/wp\/v2\/comments?post=14745"}],"version-history":[{"count":1,"href":"https:\/\/grupoep.com.br\/es\/wp-json\/wp\/v2\/posts\/14745\/revisions"}],"predecessor-version":[{"id":14753,"href":"https:\/\/grupoep.com.br\/es\/wp-json\/wp\/v2\/posts\/14745\/revisions\/14753"}],"wp:featuredmedia":[{"embeddable":true,"href":"https:\/\/grupoep.com.br\/es\/wp-json\/wp\/v2\/media\/14748"}],"wp:attachment":[{"href":"https:\/\/grupoep.com.br\/es\/wp-json\/wp\/v2\/media?parent=14745"}],"wp:term":[{"taxonomy":"category","embeddable":true,"href":"https:\/\/grupoep.com.br\/es\/wp-json\/wp\/v2\/categories?post=14745"},{"taxonomy":"post_tag","embeddable":true,"href":"https:\/\/grupoep.com.br\/es\/wp-json\/wp\/v2\/tags?post=14745"}],"curies":[{"name":"wp","href":"https:\/\/api.w.org\/{rel}","templated":true}]}}